{"id":3608,"date":"2022-08-15T15:15:07","date_gmt":"2022-08-15T15:15:07","guid":{"rendered":"https:\/\/estelsdelsud.com\/ya-esta-disponible-en-castellano-la-guia-estels-del-sud\/"},"modified":"2022-08-15T15:33:13","modified_gmt":"2022-08-15T15:33:13","slug":"ja-esta-disponible-en-castella-la-guia-estels-del-sud","status":"publish","type":"post","link":"https:\/\/estelsdelsud.com\/ca\/ja-esta-disponible-en-castella-la-guia-estels-del-sud\/","title":{"rendered":"JA EST\u00c0 DISPONIBLE EN CASTELL\u00c0 LA GUIA ESTELS DEL SUD"},"content":{"rendered":"<p>[et_pb_section fb_built=&#8221;1&#8243; _builder_version=&#8221;4.16&#8243; global_colors_info=&#8221;{}&#8221;][et_pb_row _builder_version=&#8221;4.16&#8243; background_size=&#8221;initial&#8221; background_position=&#8221;top_left&#8221; background_repeat=&#8221;repeat&#8221; global_colors_info=&#8221;{}&#8221;][et_pb_column type=&#8221;4_4&#8243; _builder_version=&#8221;4.16&#8243; custom_padding=&#8221;|||&#8221; global_colors_info=&#8221;{}&#8221; custom_padding__hover=&#8221;|||&#8221;][et_pb_text _builder_version=&#8221;4.18.0&#8243; background_size=&#8221;initial&#8221; background_position=&#8221;top_left&#8221; background_repeat=&#8221;repeat&#8221; hover_enabled=&#8221;0&#8243; global_colors_info=&#8221;{}&#8221; sticky_enabled=&#8221;0&#8243;]<\/p>\n<p>Per fi tenim disponible l&#8217;edici\u00f3 en castell\u00e0 de la Guia <strong>&#8220;ESTELS DEL SUD, La Traves\u00eda del Macizo de Els Ports. Con Cimas y alternativas&#8221;<\/strong>.<\/p>\n<p>Edici\u00f3 totalment actualitzada amb les variants d&#8217;arribada\/sortida de Beseit, amb unes descripcions del itinerari exhaustives i amb el mapa detallat de cada etapa incl\u00f2s. Ha estat un molt bon treball tant de l&#8217;autor, como de l&#8217;<a href=\"https:\/\/www.editorialpiolet.com\/ca\/tarragona\/mapa-estels-del-sud-la-travesssa-del-massis-del-ports-125000-5a-ed-2021-561.html\" target=\"_blank\" rel=\"noopener\"><strong>Editorial Piolet<\/strong><\/a> .<\/p>\n<p>La nova Guia te una presentaci\u00f3 redu\u00efda, el que la fa molt pr\u00e0ctica de cara al seu us a la muntanya.<\/p>\n<p>Esperem que us sigui de molta utilitat i que animi als muntanyencs de tota Espa\u00f1a a visitar les nostres muntanyes.<\/p>\n<p>Ens veiem als Ports.<\/p>\n<p>Cuideu-vos molt i sum\u00edeu amb projectes de futur.<\/p>\n<p>Salut<\/p>\n<p>[\/et_pb_text][\/et_pb_column][\/et_pb_row][\/et_pb_section]<\/p>\n","protected":false},"excerpt":{"rendered":"<p>Per fi tenim disponible l&#8217;edici\u00f3 en castell\u00e0 de la Guia &#8220;ESTELS DEL SUD, La Traves\u00eda del Macizo de Els Ports. Con Cimas y alternativas&#8221;. Edici\u00f3 totalment actualitzada amb les variants d&#8217;arribada\/sortida de Beseit, amb unes descripcions del itinerari exhaustives i amb el mapa detallat de cada etapa incl\u00f2s. Ha estat un molt bon treball tant [&hellip;]<\/p>\n","protected":false},"author":2,"featured_media":3605,"comment_status":"open","ping_status":"open","sticky":false,"template":"","format":"standard","meta":{"_et_pb_use_builder":"on","_et_pb_old_content":"","_et_gb_content_width":"","_exactmetrics_skip_tracking":false,"_exactmetrics_sitenote_active":false,"_exactmetrics_sitenote_note":"","_exactmetrics_sitenote_category":0,"footnotes":""},"categories":[25,18],"tags":[37,88,38],"class_list":["post-3608","post","type-post","status-publish","format-standard","has-post-thumbnail","hentry","category-notices","category-sense-categoria","tag-estels-del-sud-ca","tag-noticia-importante-ca","tag-parque-natural-dels-ports-ca"],"_links":{"self":[{"href":"https:\/\/estelsdelsud.com\/ca\/wp-json\/wp\/v2\/posts\/3608","targetHints":{"allow":["GET"]}}],"collection":[{"href":"https:\/\/estelsdelsud.com\/ca\/wp-json\/wp\/v2\/posts"}],"about":[{"href":"https:\/\/estelsdelsud.com\/ca\/wp-json\/wp\/v2\/types\/post"}],"author":[{"embeddable":true,"href":"https:\/\/estelsdelsud.com\/ca\/wp-json\/wp\/v2\/users\/2"}],"replies":[{"embeddable":true,"href":"https:\/\/estelsdelsud.com\/ca\/wp-json\/wp\/v2\/comments?post=3608"}],"version-history":[{"count":2,"href":"https:\/\/estelsdelsud.com\/ca\/wp-json\/wp\/v2\/posts\/3608\/revisions"}],"predecessor-version":[{"id":3612,"href":"https:\/\/estelsdelsud.com\/ca\/wp-json\/wp\/v2\/posts\/3608\/revisions\/3612"}],"wp:featuredmedia":[{"embeddable":true,"href":"https:\/\/estelsdelsud.com\/ca\/wp-json\/wp\/v2\/media\/3605"}],"wp:attachment":[{"href":"https:\/\/estelsdelsud.com\/ca\/wp-json\/wp\/v2\/media?parent=3608"}],"wp:term":[{"taxonomy":"category","embeddable":true,"href":"https:\/\/estelsdelsud.com\/ca\/wp-json\/wp\/v2\/categories?post=3608"},{"taxonomy":"post_tag","embeddable":true,"href":"https:\/\/estelsdelsud.com\/ca\/wp-json\/wp\/v2\/tags?post=3608"}],"curies":[{"name":"wp","href":"https:\/\/api.w.org\/{rel}","templated":true}]}}