{"id":3295,"date":"2021-08-20T16:50:19","date_gmt":"2021-08-20T16:50:19","guid":{"rendered":"https:\/\/estelsdelsud.com\/?p=3295"},"modified":"2021-08-22T08:58:31","modified_gmt":"2021-08-22T08:58:31","slug":"canvis-en-el-itinerari-destels-del-sud-per-obres-als-estrets-darnes","status":"publish","type":"post","link":"https:\/\/estelsdelsud.com\/ca\/canvis-en-el-itinerari-destels-del-sud-per-obres-als-estrets-darnes\/","title":{"rendered":"CANVIS EN EL ITINERARI ESTELS DEL SUD PER OBRES ALS ESTRETS D&#8217;ARNES"},"content":{"rendered":"<p>[et_pb_section fb_built=&#8221;1&#8243; _builder_version=&#8221;3.22&#8243; global_colors_info=&#8221;{}&#8221;][et_pb_row _builder_version=&#8221;3.25&#8243; background_size=&#8221;initial&#8221; background_position=&#8221;top_left&#8221; background_repeat=&#8221;repeat&#8221; global_colors_info=&#8221;{}&#8221;][et_pb_column type=&#8221;4_4&#8243; _builder_version=&#8221;3.25&#8243; custom_padding=&#8221;|||&#8221; global_colors_info=&#8221;{}&#8221; custom_padding__hover=&#8221;|||&#8221;][et_pb_text _builder_version=&#8221;4.10.3&#8243; background_size=&#8221;initial&#8221; background_position=&#8221;top_left&#8221; background_repeat=&#8221;repeat&#8221; hover_enabled=&#8221;0&#8243; global_colors_info=&#8221;{}&#8221; sticky_enabled=&#8221;0&#8243;]<\/p>\n<p>El <a href=\"http:\/\/parcsnaturals.gencat.cat\/ca\/detalls\/Noticia\/2021N13-Estrets-tancat\" target=\"_blank\" rel=\"noopener\"><strong>Parc Natural dels Ports<\/strong><\/a> notifica que el proper dia 30 d&#8217;agost comen\u00e7aran unes obres en tot l&#8217;espai d&#8217;<strong>Els Estrets d&#8217;Arnes<\/strong>, aquestes obres impliquen una prohibici\u00f3 d&#8217;acc\u00e9s a aquest paratge mentre durin les obres, previsiblement un parell de mesos.<\/p>\n<p>Degut a que &#8220;<strong>els Estrets d&#8217;Arnes<\/strong>&#8221; \u00e9s lloc de pas de la travessa <strong>Estels del Sud<\/strong> en les etapes que uneixen <strong>Arnes-Pa\u00fcls<\/strong> i <strong>Arnes-Caro<\/strong>,\u00a0 des d&#8217;<strong>Estels del Sud<\/strong> hem habilitat un itinerari alternatiu per poder seguir gaudint d&#8217;aquesta travessa en les seves diverses modalitats.<br \/>Dit itinerari alternatiu surt d&#8217;Arnes en direcci\u00f3 Pa\u00fcls evitant el pas per la zona d&#8217;obres (Els Estrets) i passant pel cam\u00ed dels<strong> Biernets<\/strong> sota el <strong>Salt del Barber<\/strong>, creuant el <strong>Coll de l&#8217;Oroval<\/strong> i anant a buscar directament la pista sota les <strong>Roques de Benet<\/strong>, incorporant-se al itinerari habitual.<\/p>\n<p>En direcci\u00f3 <strong>Pa\u00fcls-Arnes, <\/strong>una vegada passades les Roques de Benet, quan arribem a la pista asfaltada l&#8217;haurem de seguir uns metres a la dreta, i abans d&#8217;arribar a una petita caseta de pedra, veurem una senda que baixa a la esquerra cap el riu, \u00e9s la que haurem de seguir. En aquest punt hi ha una fita i una roca marcada amb un punt blau.<\/p>\n<p>A part de netejar la senda del itinerari alternatiu, tamb\u00e9 hem grabat el track que est\u00e0 disponible al nostra Wikiloc en el seg\u00fcent enlla\u00e7: <a href=\"https:\/\/ca.wikiloc.com\/rutes-senderisme\/cami-alternatiu-per-obres-als-estrets-entre-arnes-pauls-81522408#lb-embed\" target=\"_blank\" rel=\"noopener\"><em><strong>Alternativa a les obres dels Estrets<\/strong><\/em><\/a><\/p>\n<p>Pels excursionistes que estiguin fent la travessa entre <strong>Arnes i Caro<\/strong>, mentra els <strong>Estrets<\/strong> estiguin d&#8217;obres, hauran de seguir el itinerari per <strong>Les Valls i Terranyes<\/strong> i descartar el que passa pel <strong>Barranc del Carrer Ample i els Estrets<\/strong>.<\/p>\n<p>Disculpeu les molesties que tot aix\u00f2 os pugui ocasionar. Tan aviat es pugui rependre el pas pels Estrets d&#8217;Arnes donarem av\u00eds.<\/p>\n<p>Salut<\/p>\n<p>[\/et_pb_text][\/et_pb_column][\/et_pb_row][\/et_pb_section]<\/p>\n","protected":false},"excerpt":{"rendered":"<p>El Parc Natural dels Ports notifica que el proper dia 30 d&#8217;agost comen\u00e7aran unes obres en tot l&#8217;espai d&#8217;Els Estrets d&#8217;Arnes, aquestes obres impliquen una prohibici\u00f3 d&#8217;acc\u00e9s a aquest paratge mentre durin les obres, previsiblement un parell de mesos. Degut a que &#8220;els Estrets d&#8217;Arnes&#8221; \u00e9s lloc de pas de la travessa Estels del Sud [&hellip;]<\/p>\n","protected":false},"author":2,"featured_media":3289,"comment_status":"open","ping_status":"open","sticky":false,"template":"","format":"standard","meta":{"_et_pb_use_builder":"on","_et_pb_old_content":"","_et_gb_content_width":"","_exactmetrics_skip_tracking":false,"_exactmetrics_sitenote_active":false,"_exactmetrics_sitenote_note":"","_exactmetrics_sitenote_category":0,"footnotes":""},"categories":[25],"tags":[37,38],"class_list":["post-3295","post","type-post","status-publish","format-standard","has-post-thumbnail","hentry","category-notices","tag-estels-del-sud-ca","tag-parque-natural-dels-ports-ca"],"_links":{"self":[{"href":"https:\/\/estelsdelsud.com\/ca\/wp-json\/wp\/v2\/posts\/3295","targetHints":{"allow":["GET"]}}],"collection":[{"href":"https:\/\/estelsdelsud.com\/ca\/wp-json\/wp\/v2\/posts"}],"about":[{"href":"https:\/\/estelsdelsud.com\/ca\/wp-json\/wp\/v2\/types\/post"}],"author":[{"embeddable":true,"href":"https:\/\/estelsdelsud.com\/ca\/wp-json\/wp\/v2\/users\/2"}],"replies":[{"embeddable":true,"href":"https:\/\/estelsdelsud.com\/ca\/wp-json\/wp\/v2\/comments?post=3295"}],"version-history":[{"count":5,"href":"https:\/\/estelsdelsud.com\/ca\/wp-json\/wp\/v2\/posts\/3295\/revisions"}],"predecessor-version":[{"id":3325,"href":"https:\/\/estelsdelsud.com\/ca\/wp-json\/wp\/v2\/posts\/3295\/revisions\/3325"}],"wp:featuredmedia":[{"embeddable":true,"href":"https:\/\/estelsdelsud.com\/ca\/wp-json\/wp\/v2\/media\/3289"}],"wp:attachment":[{"href":"https:\/\/estelsdelsud.com\/ca\/wp-json\/wp\/v2\/media?parent=3295"}],"wp:term":[{"taxonomy":"category","embeddable":true,"href":"https:\/\/estelsdelsud.com\/ca\/wp-json\/wp\/v2\/categories?post=3295"},{"taxonomy":"post_tag","embeddable":true,"href":"https:\/\/estelsdelsud.com\/ca\/wp-json\/wp\/v2\/tags?post=3295"}],"curies":[{"name":"wp","href":"https:\/\/api.w.org\/{rel}","templated":true}]}}