{"id":2827,"date":"2021-02-08T17:00:54","date_gmt":"2021-02-08T17:00:54","guid":{"rendered":"https:\/\/estelsdelsud.com\/?p=2827"},"modified":"2021-02-08T17:00:54","modified_gmt":"2021-02-08T17:00:54","slug":"una-nova-edicio-del-mapa-estels-del-sud","status":"publish","type":"post","link":"https:\/\/estelsdelsud.com\/ca\/una-nova-edicio-del-mapa-estels-del-sud\/","title":{"rendered":"NOVA EDICI\u00d3 DEL MAPA ESTELS DEL SUD"},"content":{"rendered":"<p>[et_pb_section fb_built=&#8221;1&#8243; _builder_version=&#8221;3.22&#8243; hover_enabled=&#8221;0&#8243; sticky_enabled=&#8221;0&#8243;][et_pb_row _builder_version=&#8221;3.25&#8243; background_size=&#8221;initial&#8221; background_position=&#8221;top_left&#8221; background_repeat=&#8221;repeat&#8221; hover_enabled=&#8221;0&#8243; sticky_enabled=&#8221;0&#8243;][et_pb_column type=&#8221;4_4&#8243; _builder_version=&#8221;3.25&#8243; custom_padding=&#8221;|||&#8221; custom_padding__hover=&#8221;|||&#8221;][et_pb_text _builder_version=&#8221;4.8.2&#8243; background_size=&#8221;initial&#8221; background_position=&#8221;top_left&#8221; background_repeat=&#8221;repeat&#8221; hover_enabled=&#8221;0&#8243; sticky_enabled=&#8221;0&#8243;]<\/p>\n<p>Us presentem la 5\u00aa edici\u00f3 del mapa Estels del Sud, de l&#8217;<a href=\"https:\/\/www.editorialpiolet.com\/ca\/tarragona\/mapa-estels-del-sud-la-travesssa-del-massis-del-ports-125000-5a-ed-2021-561.html\" target=\"_blank\" rel=\"noopener\"><strong>Editorial Piolet<\/strong><\/a>, a escala 1:25.000, amb cartografia actualitzada i impr\u00e8s en paper impermeable.<\/p>\n<p>Aquesta nova edici\u00f3 \u00e9s producte de tot el treball realitzat previament, en las anteriors edicions, de las aportacions i correccions de nombrosos excursionistes i del nostre propi treball de camp.<\/p>\n<p>La nova presentaci\u00f3 del mapa el fa molt m\u00e9s pr\u00e1ctic de cara al seu us a la muntanya: plegat m\u00e9s redu\u00eft i paper impermeable. Esperem que us sigui de molta utilitat i us animem a participar en la seva millora de cara a futures edicions, ja sigui contactant directament amb nosaltres o amb l&#8217;Editorial.<\/p>\n<p>Us esperem als Ports tan aviat millori la situaci\u00f3 de la pand\u00e8mia.<\/p>\n<p>Mentras tant, cuideu-vos molt i prepareu projectes pel futur.<\/p>\n<p>Salut<\/p>\n<p>[\/et_pb_text][\/et_pb_column][\/et_pb_row][\/et_pb_section]<\/p>\n","protected":false},"excerpt":{"rendered":"<p>Us presentem la 5\u00aa edici\u00f3 del mapa Estels del Sud, de l&#8217;Editorial Piolet, a escala 1:25.000, amb cartografia actualitzada i impr\u00e8s en paper impermeable. Aquesta nova edici\u00f3 \u00e9s producte de tot el treball realitzat previament, en las anteriors edicions, de las aportacions i correccions de nombrosos excursionistes i del nostre propi treball de camp. La [&hellip;]<\/p>\n","protected":false},"author":2,"featured_media":2821,"comment_status":"open","ping_status":"open","sticky":false,"template":"","format":"standard","meta":{"_et_pb_use_builder":"on","_et_pb_old_content":"","_et_gb_content_width":"","_exactmetrics_skip_tracking":false,"_exactmetrics_sitenote_active":false,"_exactmetrics_sitenote_note":"","_exactmetrics_sitenote_category":0,"footnotes":""},"categories":[25],"tags":[37,40],"class_list":["post-2827","post","type-post","status-publish","format-standard","has-post-thumbnail","hentry","category-notices","tag-estels-del-sud-ca","tag-parc-natural-dels-ports"],"_links":{"self":[{"href":"https:\/\/estelsdelsud.com\/ca\/wp-json\/wp\/v2\/posts\/2827","targetHints":{"allow":["GET"]}}],"collection":[{"href":"https:\/\/estelsdelsud.com\/ca\/wp-json\/wp\/v2\/posts"}],"about":[{"href":"https:\/\/estelsdelsud.com\/ca\/wp-json\/wp\/v2\/types\/post"}],"author":[{"embeddable":true,"href":"https:\/\/estelsdelsud.com\/ca\/wp-json\/wp\/v2\/users\/2"}],"replies":[{"embeddable":true,"href":"https:\/\/estelsdelsud.com\/ca\/wp-json\/wp\/v2\/comments?post=2827"}],"version-history":[{"count":0,"href":"https:\/\/estelsdelsud.com\/ca\/wp-json\/wp\/v2\/posts\/2827\/revisions"}],"wp:featuredmedia":[{"embeddable":true,"href":"https:\/\/estelsdelsud.com\/ca\/wp-json\/wp\/v2\/media\/2821"}],"wp:attachment":[{"href":"https:\/\/estelsdelsud.com\/ca\/wp-json\/wp\/v2\/media?parent=2827"}],"wp:term":[{"taxonomy":"category","embeddable":true,"href":"https:\/\/estelsdelsud.com\/ca\/wp-json\/wp\/v2\/categories?post=2827"},{"taxonomy":"post_tag","embeddable":true,"href":"https:\/\/estelsdelsud.com\/ca\/wp-json\/wp\/v2\/tags?post=2827"}],"curies":[{"name":"wp","href":"https:\/\/api.w.org\/{rel}","templated":true}]}}