{"id":2729,"date":"2020-10-19T17:14:09","date_gmt":"2020-10-19T17:14:09","guid":{"rendered":"https:\/\/estelsdelsud.com\/?p=2729"},"modified":"2020-10-19T17:46:56","modified_gmt":"2020-10-19T17:46:56","slug":"estels-del-sud-continua-la-seva-activitat","status":"publish","type":"post","link":"https:\/\/estelsdelsud.com\/ca\/estels-del-sud-continua-la-seva-activitat\/","title":{"rendered":"ESTELS DEL SUD CONTINUA LA SEVA ACTIVITAT"},"content":{"rendered":"<p>En resposta a les consultes que ens estan arribant, des d&#8217;<strong>Estels del Sud<\/strong> informem a tots els interessats en realitzar la travessa pr\u00f2ximament que <strong>estem oberts<\/strong>. Que en<strong> tots els allotjaments de la travessa<\/strong> seguim atenent als nostres clients amb tota la normalitat que les circumstancies permeten.<\/p>\n<p>Que malgrat les actuals restriccions en bars i restaurants que la Generalitat de Catalunya ha decretat amb motiu del Covid 19, tots els allotjaments d&#8217;<strong>Estels del Sud<\/strong> poden seguir oferint als seus usuaris el servei d&#8217;allotjament, sopar i esmorzar amb la mateixa qualitat de sempre i complint amb totes les mesures de seguretat que des de l&#8217;administraci\u00f3 ens indiquen.<\/p>\n<p>L&#8217;\u00fanica restricci\u00f3 que ens afecta \u00e9s que, de moment, els grups tindran que ser com a m\u00e0xim de sis persones.<\/p>\n<p>Veniu a con\u00e8ixer la tardor al <strong>Parc Natural dels Ports<\/strong>, segur que repetireu.<\/p>\n<p>Fins aviat.<\/p>\n","protected":false},"excerpt":{"rendered":"<p>En resposta a les consultes que ens estan arribant, des d&#8217;Estels del Sud informem a tots els interessats en realitzar la travessa pr\u00f2ximament que estem oberts. Que en tots els allotjaments de la travessa seguim atenent als nostres clients amb tota la normalitat que les circumstancies permeten. Que malgrat les actuals restriccions en bars i [&hellip;]<\/p>\n","protected":false},"author":2,"featured_media":2726,"comment_status":"open","ping_status":"open","sticky":false,"template":"","format":"standard","meta":{"_et_pb_use_builder":"","_et_pb_old_content":"","_et_gb_content_width":"","_exactmetrics_skip_tracking":false,"_exactmetrics_sitenote_active":false,"_exactmetrics_sitenote_note":"","_exactmetrics_sitenote_category":0,"footnotes":""},"categories":[25],"tags":[77,40,38],"class_list":["post-2729","post","type-post","status-publish","format-standard","has-post-thumbnail","hentry","category-notices","tag-covid-19-ca","tag-parc-natural-dels-ports","tag-parque-natural-dels-ports-ca"],"_links":{"self":[{"href":"https:\/\/estelsdelsud.com\/ca\/wp-json\/wp\/v2\/posts\/2729","targetHints":{"allow":["GET"]}}],"collection":[{"href":"https:\/\/estelsdelsud.com\/ca\/wp-json\/wp\/v2\/posts"}],"about":[{"href":"https:\/\/estelsdelsud.com\/ca\/wp-json\/wp\/v2\/types\/post"}],"author":[{"embeddable":true,"href":"https:\/\/estelsdelsud.com\/ca\/wp-json\/wp\/v2\/users\/2"}],"replies":[{"embeddable":true,"href":"https:\/\/estelsdelsud.com\/ca\/wp-json\/wp\/v2\/comments?post=2729"}],"version-history":[{"count":0,"href":"https:\/\/estelsdelsud.com\/ca\/wp-json\/wp\/v2\/posts\/2729\/revisions"}],"wp:featuredmedia":[{"embeddable":true,"href":"https:\/\/estelsdelsud.com\/ca\/wp-json\/wp\/v2\/media\/2726"}],"wp:attachment":[{"href":"https:\/\/estelsdelsud.com\/ca\/wp-json\/wp\/v2\/media?parent=2729"}],"wp:term":[{"taxonomy":"category","embeddable":true,"href":"https:\/\/estelsdelsud.com\/ca\/wp-json\/wp\/v2\/categories?post=2729"},{"taxonomy":"post_tag","embeddable":true,"href":"https:\/\/estelsdelsud.com\/ca\/wp-json\/wp\/v2\/tags?post=2729"}],"curies":[{"name":"wp","href":"https:\/\/api.w.org\/{rel}","templated":true}]}}