{"id":2641,"date":"2020-04-28T09:53:19","date_gmt":"2020-04-28T09:53:19","guid":{"rendered":"https:\/\/estelsdelsud.com\/?p=2641"},"modified":"2020-04-28T09:53:19","modified_gmt":"2020-04-28T09:53:19","slug":"imatges-estels-del-sud","status":"publish","type":"post","link":"https:\/\/estelsdelsud.com\/ca\/imatges-estels-del-sud\/","title":{"rendered":"IMATGES D&#8217;ESTELS DEL SUD"},"content":{"rendered":"<p>De la nostra amiga Michaela Hergersberg, que per a nosaltres sempre ser\u00e0 la Micha, ens arriba un bonic v\u00eddeo-muntatge penjat al YouTube de les seves visites als Ports.<\/p>\n<p>Micha \u00e9s una Guia de Muntanya alemanya que viu a Munich i enamorada de les nostres muntanyes. Muntanyes que ha visitat en diverses ocasions ja sigui amb el seu marit Peter (i el seu inseparable viol\u00ed) o guiant grups.<\/p>\n<p>Aqu\u00ed os deixem l&#8217;enlla\u00e7 per que pugueu gaudir virtualment, mentre no ho puguem fer f\u00edsicament.<\/p>\n<p>Fins aviat amics !!<\/p>\n<p>&nbsp;<\/p>\n<p><iframe loading=\"lazy\" title=\"Naturpark Els Ports, Estels del sud\" width=\"1080\" height=\"608\" src=\"https:\/\/www.youtube.com\/embed\/MOkeRPFu1nE?feature=oembed\" frameborder=\"0\" allow=\"accelerometer; autoplay; encrypted-media; gyroscope; picture-in-picture\" allowfullscreen><\/iframe><\/p>\n","protected":false},"excerpt":{"rendered":"<p>De la nostra amiga Michaela Hergersberg, que per a nosaltres sempre ser\u00e0 la Micha, ens arriba un bonic v\u00eddeo-muntatge penjat al YouTube de les seves visites als Ports. Micha \u00e9s una Guia de Muntanya alemanya que viu a Munich i enamorada de les nostres muntanyes. Muntanyes que ha visitat en diverses ocasions ja sigui amb [&hellip;]<\/p>\n","protected":false},"author":2,"featured_media":2636,"comment_status":"open","ping_status":"open","sticky":false,"template":"","format":"standard","meta":{"_et_pb_use_builder":"","_et_pb_old_content":"","_et_gb_content_width":"","_exactmetrics_skip_tracking":false,"_exactmetrics_sitenote_active":false,"_exactmetrics_sitenote_note":"","_exactmetrics_sitenote_category":0,"footnotes":""},"categories":[81],"tags":[37,82,40],"class_list":["post-2641","post","type-post","status-publish","format-standard","has-post-thumbnail","hentry","category-estels-del-sud-en-imatges","tag-estels-del-sud-ca","tag-imatges","tag-parc-natural-dels-ports"],"_links":{"self":[{"href":"https:\/\/estelsdelsud.com\/ca\/wp-json\/wp\/v2\/posts\/2641","targetHints":{"allow":["GET"]}}],"collection":[{"href":"https:\/\/estelsdelsud.com\/ca\/wp-json\/wp\/v2\/posts"}],"about":[{"href":"https:\/\/estelsdelsud.com\/ca\/wp-json\/wp\/v2\/types\/post"}],"author":[{"embeddable":true,"href":"https:\/\/estelsdelsud.com\/ca\/wp-json\/wp\/v2\/users\/2"}],"replies":[{"embeddable":true,"href":"https:\/\/estelsdelsud.com\/ca\/wp-json\/wp\/v2\/comments?post=2641"}],"version-history":[{"count":0,"href":"https:\/\/estelsdelsud.com\/ca\/wp-json\/wp\/v2\/posts\/2641\/revisions"}],"wp:featuredmedia":[{"embeddable":true,"href":"https:\/\/estelsdelsud.com\/ca\/wp-json\/wp\/v2\/media\/2636"}],"wp:attachment":[{"href":"https:\/\/estelsdelsud.com\/ca\/wp-json\/wp\/v2\/media?parent=2641"}],"wp:term":[{"taxonomy":"category","embeddable":true,"href":"https:\/\/estelsdelsud.com\/ca\/wp-json\/wp\/v2\/categories?post=2641"},{"taxonomy":"post_tag","embeddable":true,"href":"https:\/\/estelsdelsud.com\/ca\/wp-json\/wp\/v2\/tags?post=2641"}],"curies":[{"name":"wp","href":"https:\/\/api.w.org\/{rel}","templated":true}]}}