{"id":2597,"date":"2020-02-17T18:31:32","date_gmt":"2020-02-17T18:31:32","guid":{"rendered":"https:\/\/estelsdelsud.com\/?p=2597"},"modified":"2020-02-17T18:31:32","modified_gmt":"2020-02-17T18:31:32","slug":"comenca-nova-temporada-estels-del-sud","status":"publish","type":"post","link":"https:\/\/estelsdelsud.com\/ca\/comenca-nova-temporada-estels-del-sud\/","title":{"rendered":"A PUNT DE COMEN\u00c7AR LA NOVA TEMPORADA D&#8217;ESTELS DEL SUD"},"content":{"rendered":"<p>En un parell de setmanes comen\u00e7ar\u00e0 la nova temporada d&#8217;<strong><em>ESTELS DEL SUD<\/em>.<\/strong><\/p>\n<p>Des de l&#8217;organitzaci\u00f3 hem traballat amb il\u00b7lusi\u00f3 per que aquest any 2020 tots els muntanyencs, excursionistes, senderistes, o com cadasc\u00fa li agradi definir-se, pugueu gaudir d&#8217;un entorn natural privilegiat.<\/p>\n<p>En las \u00faltimes setmanes hem hagut de dedicar-nos a possar a punt la xarxa de senders que va quedar molt afectada per la tempesta &#8220;Gloria&#8221;. En aquests moments les sendes que composen la ruta <em><strong>ESTELS DEL SUD<\/strong><\/em> est\u00e0n en la seva pr\u00e0ctica totalitat transitables i d&#8217;aqu\u00ed al 1\u00ba de mar\u00e7 estimem que ho estar\u00e0n al 100 %.<\/p>\n<p>Des d&#8217;<em><strong>ESTELS DEL SUD<\/strong><\/em> volem animar a tots els &#8220;caminadors i caminadores&#8221; a que coneixeu\u00a0 <em><strong>Els Ports<\/strong><\/em>, unes muntanyes que sens dubte os sorprendr\u00e0n, i probablement com ens ha passat a q\u00fcasi tots els que les hem trepitjat, os cautivar\u00e0n.<\/p>\n<p>Vine als<strong><em> Ports<\/em><\/strong>, fes <em><strong>ESTELS DEL SUD<\/strong><\/em>, no et decepcionar\u00e0!!<\/p>\n<p>Fins aviat company@s !!<\/p>\n","protected":false},"excerpt":{"rendered":"<p>En un parell de setmanes comen\u00e7ar\u00e0 la nova temporada d&#8217;ESTELS DEL SUD. Des de l&#8217;organitzaci\u00f3 hem traballat amb il\u00b7lusi\u00f3 per que aquest any 2020 tots els muntanyencs, excursionistes, senderistes, o com cadasc\u00fa li agradi definir-se, pugueu gaudir d&#8217;un entorn natural privilegiat. En las \u00faltimes setmanes hem hagut de dedicar-nos a possar a punt la xarxa [&hellip;]<\/p>\n","protected":false},"author":2,"featured_media":2593,"comment_status":"open","ping_status":"open","sticky":false,"template":"","format":"standard","meta":{"_et_pb_use_builder":"","_et_pb_old_content":"","_et_gb_content_width":"","_exactmetrics_skip_tracking":false,"_exactmetrics_sitenote_active":false,"_exactmetrics_sitenote_note":"","_exactmetrics_sitenote_category":0,"footnotes":""},"categories":[25],"tags":[37,40,41],"class_list":["post-2597","post","type-post","status-publish","format-standard","has-post-thumbnail","hentry","category-notices","tag-estels-del-sud-ca","tag-parc-natural-dels-ports","tag-travesses-de-muntanya"],"_links":{"self":[{"href":"https:\/\/estelsdelsud.com\/ca\/wp-json\/wp\/v2\/posts\/2597","targetHints":{"allow":["GET"]}}],"collection":[{"href":"https:\/\/estelsdelsud.com\/ca\/wp-json\/wp\/v2\/posts"}],"about":[{"href":"https:\/\/estelsdelsud.com\/ca\/wp-json\/wp\/v2\/types\/post"}],"author":[{"embeddable":true,"href":"https:\/\/estelsdelsud.com\/ca\/wp-json\/wp\/v2\/users\/2"}],"replies":[{"embeddable":true,"href":"https:\/\/estelsdelsud.com\/ca\/wp-json\/wp\/v2\/comments?post=2597"}],"version-history":[{"count":0,"href":"https:\/\/estelsdelsud.com\/ca\/wp-json\/wp\/v2\/posts\/2597\/revisions"}],"wp:featuredmedia":[{"embeddable":true,"href":"https:\/\/estelsdelsud.com\/ca\/wp-json\/wp\/v2\/media\/2593"}],"wp:attachment":[{"href":"https:\/\/estelsdelsud.com\/ca\/wp-json\/wp\/v2\/media?parent=2597"}],"wp:term":[{"taxonomy":"category","embeddable":true,"href":"https:\/\/estelsdelsud.com\/ca\/wp-json\/wp\/v2\/categories?post=2597"},{"taxonomy":"post_tag","embeddable":true,"href":"https:\/\/estelsdelsud.com\/ca\/wp-json\/wp\/v2\/tags?post=2597"}],"curies":[{"name":"wp","href":"https:\/\/api.w.org\/{rel}","templated":true}]}}