{"id":2585,"date":"2020-02-01T13:35:44","date_gmt":"2020-02-01T13:35:44","guid":{"rendered":"https:\/\/estelsdelsud.com\/?p=2585"},"modified":"2020-02-01T13:35:44","modified_gmt":"2020-02-01T13:35:44","slug":"es-recupera-la-xarxa-de-camins-dels-ports","status":"publish","type":"post","link":"https:\/\/estelsdelsud.com\/ca\/es-recupera-la-xarxa-de-camins-dels-ports\/","title":{"rendered":"ES RECUPERA LA XARXA DE CAMINS DELS PORTS"},"content":{"rendered":"<p>La recuperaci\u00f3 de la xarxa de camins i sendes <strong>dels Ports<\/strong> funciona a bon ritme. Com ja indic\u00e0vem en un post anterior, dita xarxa va quedar bastant afectada. Els treballs de les brigades del <strong>Parc Natural<\/strong>, d&#8217;<strong>Estels del Sud<\/strong>, i d&#8217;altres voluntaris, est\u00e0 fent possible aquesta recuperaci\u00f3.<\/p>\n<p>A dia d&#8217;avui, segon ens comuniquen des de el <strong>Refugi de Caro<\/strong>, els trams entre <strong>Refugi Font Ferrera<\/strong> i <strong>Refugi de Caro<\/strong>, i entre el <strong>Refugi de Caro<\/strong> i <strong>Pa\u00fcls<\/strong>, estan en perfecta estat, ja que segons sembla la turmenta va afectar molt menys aquella part <strong>d<\/strong><strong>els Ports<\/strong>.<\/p>\n<p>Queden encara zones afectades, on es segueix treballant, aprop d&#8217;Arnes i Beseit. Os anirem informant a mida que tinguem noticies sobre el tema.<\/p>\n<p>Una vegada passats els primers dies i resoltes les afectacions m\u00e9s greus, podem dir que <strong>els Ports esperen la vostra visita<\/strong>.<\/p>\n<p>Ja fa for\u00e7a temps que no record\u00e0vem aquesta saturaci\u00f3 d&#8217;aigua per tot arreu. Rius i torrents estan a arrebossar d&#8217;aigua. Els salts d&#8217;aigua estan espl\u00e8ndids. Els boscos han recuperat el color verd intens que havien perdut. I en quatre dies tenim la primavera per aqu\u00ed. <strong>NO OS HO PERDEU!!<\/strong><\/p>\n<p>Fins aviat.<\/p>\n<p>&nbsp;<\/p>\n","protected":false},"excerpt":{"rendered":"<p>La recuperaci\u00f3 de la xarxa de camins i sendes dels Ports funciona a bon ritme. Com ja indic\u00e0vem en un post anterior, dita xarxa va quedar bastant afectada. Els treballs de les brigades del Parc Natural, d&#8217;Estels del Sud, i d&#8217;altres voluntaris, est\u00e0 fent possible aquesta recuperaci\u00f3. A dia d&#8217;avui, segon ens comuniquen des de [&hellip;]<\/p>\n","protected":false},"author":2,"featured_media":972,"comment_status":"open","ping_status":"open","sticky":false,"template":"","format":"standard","meta":{"_et_pb_use_builder":"","_et_pb_old_content":"","_et_gb_content_width":"","_exactmetrics_skip_tracking":false,"_exactmetrics_sitenote_active":false,"_exactmetrics_sitenote_note":"","_exactmetrics_sitenote_category":0,"footnotes":""},"categories":[25],"tags":[49,37,38],"class_list":["post-2585","post","type-post","status-publish","format-standard","has-post-thumbnail","hentry","category-notices","tag-els-ports","tag-estels-del-sud-ca","tag-parque-natural-dels-ports-ca"],"_links":{"self":[{"href":"https:\/\/estelsdelsud.com\/ca\/wp-json\/wp\/v2\/posts\/2585","targetHints":{"allow":["GET"]}}],"collection":[{"href":"https:\/\/estelsdelsud.com\/ca\/wp-json\/wp\/v2\/posts"}],"about":[{"href":"https:\/\/estelsdelsud.com\/ca\/wp-json\/wp\/v2\/types\/post"}],"author":[{"embeddable":true,"href":"https:\/\/estelsdelsud.com\/ca\/wp-json\/wp\/v2\/users\/2"}],"replies":[{"embeddable":true,"href":"https:\/\/estelsdelsud.com\/ca\/wp-json\/wp\/v2\/comments?post=2585"}],"version-history":[{"count":0,"href":"https:\/\/estelsdelsud.com\/ca\/wp-json\/wp\/v2\/posts\/2585\/revisions"}],"wp:featuredmedia":[{"embeddable":true,"href":"https:\/\/estelsdelsud.com\/ca\/wp-json\/wp\/v2\/media\/972"}],"wp:attachment":[{"href":"https:\/\/estelsdelsud.com\/ca\/wp-json\/wp\/v2\/media?parent=2585"}],"wp:term":[{"taxonomy":"category","embeddable":true,"href":"https:\/\/estelsdelsud.com\/ca\/wp-json\/wp\/v2\/categories?post=2585"},{"taxonomy":"post_tag","embeddable":true,"href":"https:\/\/estelsdelsud.com\/ca\/wp-json\/wp\/v2\/tags?post=2585"}],"curies":[{"name":"wp","href":"https:\/\/api.w.org\/{rel}","templated":true}]}}