{"id":2573,"date":"2020-01-29T18:30:42","date_gmt":"2020-01-29T18:30:42","guid":{"rendered":"https:\/\/estelsdelsud.com\/?p=2573"},"modified":"2020-02-01T12:10:04","modified_gmt":"2020-02-01T12:10:04","slug":"despues-del-gloria","status":"publish","type":"post","link":"https:\/\/estelsdelsud.com\/ca\/despues-del-gloria\/","title":{"rendered":"DESPR\u00c9S DEL GLORIA"},"content":{"rendered":"<p>[et_pb_section fb_built=&#8221;1&#8243; admin_label=&#8221;section&#8221; _builder_version=&#8221;3.0.47&#8243;][et_pb_row admin_label=&#8221;row&#8221; _builder_version=&#8221;3.0.48&#8243; background_size=&#8221;initial&#8221; background_position=&#8221;top_left&#8221; background_repeat=&#8221;repeat&#8221;][et_pb_column type=&#8221;4_4&#8243; _builder_version=&#8221;3.0.47&#8243; parallax=&#8221;off&#8221; parallax_method=&#8221;on&#8221;][et_pb_text admin_label=&#8221;Text&#8221; _builder_version=&#8221;3.11&#8243; background_size=&#8221;initial&#8221; background_position=&#8221;top_left&#8221; background_repeat=&#8221;repeat&#8221;]<\/p>\n<p>I despr\u00e9s del temporal Gloria ha arribat la calma.<\/p>\n<p>Per una part podr\u00edem dir que hem sigut beneits per l&#8217;aigua i sobretot per la neu. Feia molts anys, massa, que arrosseg\u00e0vem una tremenda sequera. Ara hi ha aigua a dojo, tots els rius i rierols van plens. Quina xalera.<\/p>\n<p>Es clar, les fortes nevades en la nostra mitja muntanya tenen altres conseq\u00fc\u00e8ncies: els pins, alzines, oliveres,&#8230; tamb\u00e9 han patit les conseq\u00fcencies del Gloria. En aquests moments la xarxa de camins i sendes dels Ports <strong>est\u00e0 intransitable.<\/strong><\/p>\n<p>Per tant des de Estels del Sud recomanem als excursionistes que en els propers dies s&#8217;abstinguen de visitar les nostres estimades muntanyes. Ens consta que des de diversos \u00e0mbits s&#8217;est\u00e0 treballant per revertir aquesta situaci\u00f3 en la major brevetat possible i esperem que per la nova temporada que comen\u00e7ar\u00e0 el proper mes de mar\u00e7, la xarxa de camins i senders estiqui en bon estat.<\/p>\n<p>Fins aviat amics.<\/p>\n<p>[\/et_pb_text][\/et_pb_column][\/et_pb_row][\/et_pb_section]<\/p>\n","protected":false},"excerpt":{"rendered":"<p>I despr\u00e9s del temporal Gloria ha arribat la calma. Per una part podr\u00edem dir que hem sigut beneits per l&#8217;aigua i sobretot per la neu. Feia molts anys, massa, que arrosseg\u00e0vem una tremenda sequera. Ara hi ha aigua a dojo, tots els rius i rierols van plens. Quina xalera. Es clar, les fortes nevades en [&hellip;]<\/p>\n","protected":false},"author":2,"featured_media":2570,"comment_status":"open","ping_status":"open","sticky":false,"template":"","format":"standard","meta":{"_et_pb_use_builder":"on","_et_pb_old_content":"<img class=\"alignnone wp-image-2569 size-large\" src=\"https:\/\/estelsdelsud.com\/wp-content\/uploads\/2020\/01\/Destroses-del-Gloria-1024x768.jpg\" alt=\"\" width=\"1024\" height=\"768\" \/>\r\n\r\nI despr\u00e9s del temporal Gloria ha arribat la calma.\r\n\r\nPer una part podr\u00edem dir que hem sigut beneits per l'aigua i sobretot per la neu. Feia molts anys, massa, que arrosseg\u00e0vem una tremenda sequera. Ara hi ha aigua a dojo, tots els rius i rierols van plens. Quina xalera.\r\n\r\nEs clar, les fortes nevades en la nostra mitja muntanya tenen altres conseq\u00fc\u00e8ncies: els pins, alzines, oliveres,... tamb\u00e9 han patit les conseq\u00fcencies del Gloria. En aquests moments la xarxa de camins i sendes dels Ports <strong>est\u00e0 intransitable.<\/strong>\r\n\r\nPer tant des de Estels del Sud recomanem als excursionistes que en els propers dies s'abstinguen de visitar les nostres estimades muntanyes. Ens consta que des de diversos \u00e0mbits s'est\u00e0 treballant per revertir aquesta situaci\u00f3 en la major brevetat possible i esperem que per la nova temporada que comen\u00e7ar\u00e0 el proper mes de mar\u00e7, la xarxa de camins i senders estiqui en bon estat.\r\n\r\nFins aviat amics.","_et_gb_content_width":"","_exactmetrics_skip_tracking":false,"_exactmetrics_sitenote_active":false,"_exactmetrics_sitenote_note":"","_exactmetrics_sitenote_category":0,"footnotes":""},"categories":[25,45],"tags":[37,40,71],"class_list":["post-2573","post","type-post","status-publish","format-standard","has-post-thumbnail","hentry","category-notices","category-recomanacions","tag-estels-del-sud-ca","tag-parc-natural-dels-ports","tag-seguretat"],"_links":{"self":[{"href":"https:\/\/estelsdelsud.com\/ca\/wp-json\/wp\/v2\/posts\/2573","targetHints":{"allow":["GET"]}}],"collection":[{"href":"https:\/\/estelsdelsud.com\/ca\/wp-json\/wp\/v2\/posts"}],"about":[{"href":"https:\/\/estelsdelsud.com\/ca\/wp-json\/wp\/v2\/types\/post"}],"author":[{"embeddable":true,"href":"https:\/\/estelsdelsud.com\/ca\/wp-json\/wp\/v2\/users\/2"}],"replies":[{"embeddable":true,"href":"https:\/\/estelsdelsud.com\/ca\/wp-json\/wp\/v2\/comments?post=2573"}],"version-history":[{"count":0,"href":"https:\/\/estelsdelsud.com\/ca\/wp-json\/wp\/v2\/posts\/2573\/revisions"}],"wp:featuredmedia":[{"embeddable":true,"href":"https:\/\/estelsdelsud.com\/ca\/wp-json\/wp\/v2\/media\/2570"}],"wp:attachment":[{"href":"https:\/\/estelsdelsud.com\/ca\/wp-json\/wp\/v2\/media?parent=2573"}],"wp:term":[{"taxonomy":"category","embeddable":true,"href":"https:\/\/estelsdelsud.com\/ca\/wp-json\/wp\/v2\/categories?post=2573"},{"taxonomy":"post_tag","embeddable":true,"href":"https:\/\/estelsdelsud.com\/ca\/wp-json\/wp\/v2\/tags?post=2573"}],"curies":[{"name":"wp","href":"https:\/\/api.w.org\/{rel}","templated":true}]}}