{"id":2011,"date":"2018-11-10T13:02:55","date_gmt":"2018-11-10T13:02:55","guid":{"rendered":"https:\/\/estelsdelsud.com\/?p=2011"},"modified":"2018-11-10T13:06:35","modified_gmt":"2018-11-10T13:06:35","slug":"estels-del-sud-en-transporte-publico","status":"publish","type":"post","link":"https:\/\/estelsdelsud.com\/ca\/estels-del-sud-en-transporte-publico\/","title":{"rendered":"ESTELS DEL SUD AMB TRANSPORT PUBLIC"},"content":{"rendered":"<p><strong>Estels del Sud<\/strong> \u00e9s una travessa circular de cinc jornades. Aquesta travessa es beneficia del fet de poder arribar en cotxe a cada allotjament inici-final d&#8217;etapa: <a href=\"https:\/\/estelsdelsud.com\/alojamientos\/nuevo-refugio-caro\/\" target=\"_blank\" rel=\"noopener\">Nou Refugi de Caro<\/a>, a Caro, <a href=\"https:\/\/estelsdelsud.com\/alojamientos\/refugio-fredes-font-ferrera\/\" target=\"_blank\" rel=\"noopener\">Refugi de Font Ferrera<\/a>, <a href=\"https:\/\/estelsdelsud.com\/alojamientos\/hotel-beceite-fabrica-de-solfa\/\" target=\"_blank\" rel=\"noopener\">La F\u00e0brica de Solfa<\/a> a Beseit, <a href=\"https:\/\/estelsdelsud.com\/alojamientos\/casa-rural-lo-corral-arnes\/\" target=\"_blank\" rel=\"noopener\">Lo corral d&#8217;arnes<\/a> a Arnes i <a href=\"https:\/\/estelsdelsud.com\/alojamientos\/casa-rural-pauls-ca-les-barberes\/\" target=\"_blank\" rel=\"noopener\">Ca les Barberes<\/a> a Pa\u00fcls. Aix\u00ed \u00e9s que pots comen\u00e7ar a qualsevol d&#8217;ells indistintament. Un altra de les caracter\u00edstiques \u00e9s que als tres allotjaments situats a les poblacions de l&#8217;entorn del Parc Natural dels Ports: Pa\u00fcls, Arnes i Beseit pots arribar en <strong>transport p\u00fablic.<\/strong><\/p>\n<p>Aquestes tres poblacions estan connectades amb Tortosa mitjan\u00e7ant la companyia de autobusos <a href=\"https:\/\/www.hife.es\/es-ES\" target=\"_blank\" rel=\"noopener\"><strong>HIFE.<\/strong><\/a> Si cliqueu sobre aquest link teniu un exemple d&#8217;horaris entre<a href=\"https:\/\/www.hife.es\/es-ES\/Horarios\/MostrarHorariosPoblacionParada?fecha_ida=12%2F11%2F2018&amp;id_poblacion_origen=2844&amp;codigo_parda_origen=null&amp;id_poblacion_destino=2810&amp;codigo_parada_destino=0091&amp;tipo_trayecto=Ida&amp;num_viajeros=1\" target=\"_blank\" rel=\"noopener\"> Barcelona &#8211; Tortosa &#8211; Arnes<\/a> en un dia laborable. Podreu comprovar la diversitat d&#8217;horaris. Potser Arnes \u00e9s la poblaci\u00f3 m\u00e9s indicada perqu\u00e8 disposa de m\u00e9s horaris per arribar i per tornar, incl\u00fas en dies festius. Per\u00f2 no oblideu que tamb\u00e9 poden fer-se combinacions arribant a <a href=\"https:\/\/www.hife.es\/ca-ES\/Horarios\/MostrarHorariosPoblacionParada?fecha_ida=12\/11\/2018&amp;id_poblacion_origen=2844&amp;codigo_parda_origen=null&amp;id_poblacion_destino=2841&amp;codigo_parada_destino=0122&amp;fecha_vuelta=&amp;tipo_trayecto=Ida&amp;num_viajeros=1\" target=\"_blank\" rel=\"noopener\">Pa\u00fcls<\/a> o <a href=\"https:\/\/www.hife.es\/ca-ES\/Horarios\/MostrarHorariosPoblacionParada?fecha_ida=12\/11\/2018&amp;id_poblacion_origen=2844&amp;codigo_parda_origen=null&amp;id_poblacion_destino=2816&amp;codigo_parada_destino=0097&amp;fecha_vuelta=&amp;tipo_trayecto=Ida&amp;num_viajeros=1\" target=\"_blank\" rel=\"noopener\">Beseit<\/a> i fer servir el <strong>transport p\u00fablic.<\/strong><\/p>\n<p>Com hem dit, aquests horaris sols son un exemple. Teniu autobusos des de altres capitals: Madrid, Valencia, Castell\u00f3, Tarragona,&#8230;.. consulteu la web de <strong><a href=\"https:\/\/www.hife.es\/es-ES\/Paginas\/8\" target=\"_blank\" rel=\"noopener\">HIFE<\/a><\/strong> i veureu tots els seus destins. Ah, i ara tamb\u00e9 es pot arribar des de l&#8217;Aeroport de Barcelona directa fins a Tortosa.<\/p>\n<p>Animeu-vos !! en bus es viatja molt c\u00f2mode i el transport p\u00fablic \u00e9s molt recomanable.<\/p>\n","protected":false},"excerpt":{"rendered":"<p>Estels del Sud \u00e9s una travessa circular de cinc jornades. Aquesta travessa es beneficia del fet de poder arribar en cotxe a cada allotjament inici-final d&#8217;etapa: Nou Refugi de Caro, a Caro, Refugi de Font Ferrera, La F\u00e0brica de Solfa a Beseit, Lo corral d&#8217;arnes a Arnes i Ca les Barberes a Pa\u00fcls. Aix\u00ed \u00e9s [&hellip;]<\/p>\n","protected":false},"author":2,"featured_media":2004,"comment_status":"open","ping_status":"open","sticky":false,"template":"","format":"standard","meta":{"_et_pb_use_builder":"","_et_pb_old_content":"","_et_gb_content_width":"","_exactmetrics_skip_tracking":false,"_exactmetrics_sitenote_active":false,"_exactmetrics_sitenote_note":"","_exactmetrics_sitenote_category":0,"footnotes":""},"categories":[45],"tags":[37,38,48],"class_list":["post-2011","post","type-post","status-publish","format-standard","has-post-thumbnail","hentry","category-recomanacions","tag-estels-del-sud-ca","tag-parque-natural-dels-ports-ca","tag-transport-public"],"_links":{"self":[{"href":"https:\/\/estelsdelsud.com\/ca\/wp-json\/wp\/v2\/posts\/2011","targetHints":{"allow":["GET"]}}],"collection":[{"href":"https:\/\/estelsdelsud.com\/ca\/wp-json\/wp\/v2\/posts"}],"about":[{"href":"https:\/\/estelsdelsud.com\/ca\/wp-json\/wp\/v2\/types\/post"}],"author":[{"embeddable":true,"href":"https:\/\/estelsdelsud.com\/ca\/wp-json\/wp\/v2\/users\/2"}],"replies":[{"embeddable":true,"href":"https:\/\/estelsdelsud.com\/ca\/wp-json\/wp\/v2\/comments?post=2011"}],"version-history":[{"count":0,"href":"https:\/\/estelsdelsud.com\/ca\/wp-json\/wp\/v2\/posts\/2011\/revisions"}],"wp:featuredmedia":[{"embeddable":true,"href":"https:\/\/estelsdelsud.com\/ca\/wp-json\/wp\/v2\/media\/2004"}],"wp:attachment":[{"href":"https:\/\/estelsdelsud.com\/ca\/wp-json\/wp\/v2\/media?parent=2011"}],"wp:term":[{"taxonomy":"category","embeddable":true,"href":"https:\/\/estelsdelsud.com\/ca\/wp-json\/wp\/v2\/categories?post=2011"},{"taxonomy":"post_tag","embeddable":true,"href":"https:\/\/estelsdelsud.com\/ca\/wp-json\/wp\/v2\/tags?post=2011"}],"curies":[{"name":"wp","href":"https:\/\/api.w.org\/{rel}","templated":true}]}}